{"id":459,"date":"2024-05-04T08:58:17","date_gmt":"2024-05-04T13:58:17","guid":{"rendered":"https:\/\/benoit.marcoux.ca\/blog\/?p=459"},"modified":"2024-05-04T08:58:18","modified_gmt":"2024-05-04T13:58:18","slug":"limpact-des-politiques-industrielles-dans-lindustrie-de-lelectricite-au-quebec","status":"publish","type":"post","link":"https:\/\/benoit.marcoux.ca\/blog\/limpact-des-politiques-industrielles-dans-lindustrie-de-lelectricite-au-quebec\/","title":{"rendered":"L\u2019impact des politiques industrielles dans l\u2019industrie de l\u2019\u00e9lectricit\u00e9 au Qu\u00e9bec."},"content":{"rendered":"\n<p>Avec la transition \u00e9nerg\u00e9tique, le Qu\u00e9bec se trouve actuellement \u00e0 un tournant qui rappelle la p\u00e9riode qui a suivi la R\u00e9volution tranquille, dans les ann\u00e9es\u00a060 et 70, alors que\u00a0les gouvernements successifs, unionistes, lib\u00e9raux ou p\u00e9quistes, ont alors enclench\u00e9 le d\u00e9veloppement des grands ouvrages de Manic-Outardes, qui ont doubl\u00e9 la capacit\u00e9 de production du Qu\u00e9bec, de Churchill Falls (au Labrador) et de la Baie-James, qui l\u2019ont encore doubl\u00e9.\u00a0Aujourd\u2019hui, on parle \u00e0 nouveau de doubler \u00e0 l\u2019horizon\u00a02050. Mais augmenter la capacit\u00e9 de production d\u2019<a href=\"https:\/\/www.linkedin.com\/company\/hydro-quebec\/\">Hydro Qu\u00e9bec<\/a> ne fut pas le seul point marquant des ann\u00e9es\u00a060 et 70.<br><br>Dans les ann\u00e9es\u00a060 et 70, les gouvernements ont aussi utilis\u00e9 la construction des grands ouvrages pour permettre aux Qu\u00e9b\u00e9cois francophones de prendre en main le d\u00e9veloppement \u00e9conomique de la province. Ce d\u00e9veloppement \u00e9conomique fut \u00e0 la fois dans le secteur secondaire (fabrication d\u2019\u00e9quipement \u00e9lectrique et alumineries) et dans le secteur tertiaire (grandes firmes de g\u00e9nie-conseil et, un peu plus tard, en technologies de l\u2019information).<br><br>On entend encore les \u00e9chos de cette d\u00e9cision d\u2019avenir,\u00a0car\u00a0il y a environ 65?000 emplois li\u00e9s \u00e0 l\u2019industrie de l\u2019\u00e9lectricit\u00e9, dont un tiers seulement \u00e0 Hydro-Qu\u00e9bec.<br><br>Le Qu\u00e9bec est aujourd\u2019hui le p\u00f4le canadien de fabrication de mat\u00e9riel \u00e9lectrique\u00a0: nous avons 36,3\u00a0% des emplois canadiens de fabrication de mat\u00e9riel \u00e9lectrique, mais seulement 22,7\u00a0% des emplois manufacturiers totaux canadiens. Dits autrement,\u00a0nous avons proportionnellement 2 fois plus d\u2019emplois en fabrication de mat\u00e9riel \u00e9lectrique que le Canada hors Qu\u00e9bec.\u00a0On parle ici de fabrication d\u2019appareils de production et de r\u00e9seaux \u00e9lectriques, mais aussi d\u2019appareils utilis\u00e9s chez les clients r\u00e9sidentiels et commerciaux, comme les appareils de chauffage et les syst\u00e8mes de contr\u00f4le de la pointe.<br>\u00c9videmment, l\u2019impact de ces politiques industrielles sur l\u2019industrie de la transformation de l\u2019aluminium est bien connu\u00a0: elle a connu un essor consid\u00e9rable, avec 30?000 emplois.<br><br>Ce n\u2019est pas tout\u00a0: cette p\u00e9riode a aussi vu l\u2019\u00e9mergence de firmes qu\u00e9b\u00e9coises de g\u00e9nie-conseil de calibre international dont certaines sont parvenues au top-10 mondial, comme SNC-Lavalin (<a href=\"https:\/\/www.linkedin.com\/company\/atkinsrealis\/\">AtkinsR\u00e9alis<\/a>). Nos firmes de g\u00e9nie-conseil sont pr\u00e9sentes tout au long de la cha\u00eene de valeur, des grands barrages jusqu\u2019aux \u00e9valuations d\u2019efficacit\u00e9 \u00e9nerg\u00e9tique des r\u00e9sidences.<br><br>Dans les ann\u00e9es\u00a070, les besoins de syst\u00e8mes de contr\u00f4le et de gestion du secteur ont propuls\u00e9 le secteur des technologies de l\u2019information \u2014 on pense \u00e0 <a href=\"https:\/\/www.linkedin.com\/company\/cgi\/\">CGI<\/a>, <a href=\"https:\/\/www.linkedin.com\/company\/societe_conseil_groupe_lgs\/\">LGS, an IBM Company<\/a> et <a href=\"https:\/\/www.linkedin.com\/company\/dmr-dan-manl-k\/\">DMR<\/a>. D\u2019une certaine fa\u00e7on, on peut dire que m\u00eamele secteur de l\u2019intelligence artificielle qui fait maintenant la renomm\u00e9e du Qu\u00e9bec a \u00e9t\u00e9 pouss\u00e9 par les d\u00e9cisions d\u2019\u00e9lectrification prises par nos grands-parents.<\/p>\n<div style=\"margin-top:2em;\">\r\n      Shortlink:\r\n    <a href=\"https:\/\/https:\/\/benoit.marcoux.ca\/blog\/limpact-des-politiques-industrielles-dans-lindustrie-de-lelectricite-au-quebec\/\">https:\/\/benoit.marcoux.ca\/blog\/limpact-des-politiques-industrielles-dans-lindustrie-de-lelectricite-au-quebec\/<\/a>\r\n  <\/div>\r\n\r\n<div id=\"eebsocial\" style=\"margin-top:1em;\">\r\n          <a href=\"https:\/\/twitter.com\/intent\/tweet?url=https%3A%2F%2F\" target=\"_blank\">\r\n    <img decoding=\"async\" src=\"https:\/\/benoit.marcoux.ca\/blog\/wp-content\/plugins\/wp-url-shorten\/\/icons\/twitter-32.png\" title=\"Tweet this link\" alt=\"\" \/>\r\n<\/a>\r\n<a href=\"https:\/\/www.facebook.com\/sharer\/sharer.php?u=https%3A%2F%2F\" target=\"_blank\">\r\n    <img decoding=\"async\" src=\"https:\/\/benoit.marcoux.ca\/blog\/wp-content\/plugins\/wp-url-shorten\/\/icons\/facebook-32.png\" title=\"Share on Facebook\" alt=\"\" \/>\r\n<\/a>\r\n<a href=\"https:\/\/www.linkedin.com\/shareArticle?url=https%3A%2F%2F&title=L\u2019impact des politiques industrielles dans l\u2019industrie de l\u2019\u00e9lectricit\u00e9 au Qu\u00e9bec.\" target=\"_blank\">\r\n    <img decoding=\"async\" src=\"https:\/\/benoit.marcoux.ca\/blog\/wp-content\/plugins\/wp-url-shorten\/\/icons\/linkedin-32.png\" title=\"Share on LinkedIn\" alt=\"\" \/>\r\n<\/a>\r\n<a href=\"https:\/\/api.whatsapp.com\/send?text=https%3A%2F%2F\" target=\"_blank\">\r\n    <img decoding=\"async\" src=\"https:\/\/benoit.marcoux.ca\/blog\/wp-content\/plugins\/wp-url-shorten\/\/icons\/whatsapp-32.png\" title=\"Share on WhatsApp\" alt=\"\" \/>\r\n<\/a>\r\n<a href=\"https:\/\/www.pinterest.com\/pin\/create\/button\/?url=https%3A%2F%2F&media=&description=L\u2019impact des politiques industrielles dans l\u2019industrie de l\u2019\u00e9lectricit\u00e9 au Qu\u00e9bec.\" target=\"_blank\">\r\n    <img decoding=\"async\" src=\"https:\/\/benoit.marcoux.ca\/blog\/wp-content\/plugins\/wp-url-shorten\/\/icons\/pinterest-32.png\" title=\"Share on Pinterest\" alt=\"\" \/>\r\n<\/a>\r\n<a href=\"https:\/\/www.reddit.com\/submit?url=https%3A%2F%2F&title=L\u2019impact des politiques industrielles dans l\u2019industrie de l\u2019\u00e9lectricit\u00e9 au Qu\u00e9bec.\" target=\"_blank\">\r\n    <img decoding=\"async\" src=\"https:\/\/benoit.marcoux.ca\/blog\/wp-content\/plugins\/wp-url-shorten\/\/icons\/reddit-32.png\" title=\"Share on Reddit\" alt=\"\" \/>\r\n<\/a>\r\n<a href=\"https:\/\/t.me\/share\/url?url=https%3A%2F%2F&text=L\u2019impact des politiques industrielles dans l\u2019industrie de l\u2019\u00e9lectricit\u00e9 au Qu\u00e9bec.\" target=\"_blank\">\r\n    <img decoding=\"async\" src=\"https:\/\/benoit.marcoux.ca\/blog\/wp-content\/plugins\/wp-url-shorten\/\/icons\/telegram-32.png\" title=\"Share on Telegram\" alt=\"\" \/>\r\n<\/a>\r\n<a href=\"https:\/\/www.tiktok.com\/share?url=https%3A%2F%2F\" target=\"_blank\">\r\n    <img decoding=\"async\" src=\"https:\/\/benoit.marcoux.ca\/blog\/wp-content\/plugins\/wp-url-shorten\/\/icons\/tiktok-32.png\" title=\"Share on TikTok\" alt=\"\" \/>\r\n<\/a>\r\n<a href=\"https:\/\/www.instagram.com\/?url=https%3A%2F%2F\" target=\"_blank\">\r\n    <img decoding=\"async\" src=\"https:\/\/benoit.marcoux.ca\/blog\/wp-content\/plugins\/wp-url-shorten\/\/icons\/instagram-32.png\" title=\"Share on Instagram\" alt=\"\" \/>\r\n<\/a>\r\n\r\n    \r\n   \r\n  <\/div>","protected":false},"excerpt":{"rendered":"<p>Avec la transition \u00e9nerg\u00e9tique, le Qu\u00e9bec se trouve actuellement \u00e0 un tournant qui rappelle la p\u00e9riode qui a suivi la R\u00e9volution tranquille, dans les ann\u00e9es\u00a060 et 70, alors que\u00a0les gouvernements successifs, unionistes, lib\u00e9raux ou p\u00e9quistes, ont alors enclench\u00e9 le d\u00e9veloppement des grands ouvrages de Manic-Outardes, qui ont doubl\u00e9 la capacit\u00e9 de production du Qu\u00e9bec, de [&hellip;]<\/p>\n","protected":false},"author":2,"featured_media":0,"comment_status":"open","ping_status":"open","sticky":false,"template":"","format":"standard","meta":{"footnotes":""},"categories":[8,39],"tags":[],"class_list":["post-459","post","type-post","status-publish","format-standard","hentry","category-economy","category-quebec-canada"],"_links":{"self":[{"href":"https:\/\/benoit.marcoux.ca\/blog\/wp-json\/wp\/v2\/posts\/459","targetHints":{"allow":["GET"]}}],"collection":[{"href":"https:\/\/benoit.marcoux.ca\/blog\/wp-json\/wp\/v2\/posts"}],"about":[{"href":"https:\/\/benoit.marcoux.ca\/blog\/wp-json\/wp\/v2\/types\/post"}],"author":[{"embeddable":true,"href":"https:\/\/benoit.marcoux.ca\/blog\/wp-json\/wp\/v2\/users\/2"}],"replies":[{"embeddable":true,"href":"https:\/\/benoit.marcoux.ca\/blog\/wp-json\/wp\/v2\/comments?post=459"}],"version-history":[{"count":1,"href":"https:\/\/benoit.marcoux.ca\/blog\/wp-json\/wp\/v2\/posts\/459\/revisions"}],"predecessor-version":[{"id":460,"href":"https:\/\/benoit.marcoux.ca\/blog\/wp-json\/wp\/v2\/posts\/459\/revisions\/460"}],"wp:attachment":[{"href":"https:\/\/benoit.marcoux.ca\/blog\/wp-json\/wp\/v2\/media?parent=459"}],"wp:term":[{"taxonomy":"category","embeddable":true,"href":"https:\/\/benoit.marcoux.ca\/blog\/wp-json\/wp\/v2\/categories?post=459"},{"taxonomy":"post_tag","embeddable":true,"href":"https:\/\/benoit.marcoux.ca\/blog\/wp-json\/wp\/v2\/tags?post=459"}],"curies":[{"name":"wp","href":"https:\/\/api.w.org\/{rel}","templated":true}]}}